[{"@context":"https:\/\/schema.org\/","@type":"Article","@id":"https:\/\/www.sestina.sk\/manzel-stratil-pracu\/#Article","mainEntityOfPage":"https:\/\/www.sestina.sk\/manzel-stratil-pracu\/","headline":"Man\u017eel stratil pr\u00e1cu","name":"Man\u017eel stratil pr\u00e1cu","description":"S man\u017eelom sme cca 12 rokov vo vz\u0165ahu, z toho 7 rokov man\u017eelia. Boli sme \u00fa\u017easn\u00fd p\u00e1r a v\u017edy sme sa sna\u017eili pracova\u0165 na komunik\u00e1cii na\u0161ich prian\u00ed a potrieb. Podie\u013eame sa na dom\u00e1cich pr\u00e1cach a sna\u017e\u00edme sa, aby boli rozdelen\u00e9 rovnomerne. Kr\u00e1tko potom, \u010do sme sa vzali, pri\u0161iel o pr\u00e1cu. &hellip;","datePublished":"2023-05-12","dateModified":"2023-12-12","author":{"@type":"Person","@id":"https:\/\/www.sestina.sk\/author\/#Person","name":"","url":"https:\/\/www.sestina.sk\/author\/","identifier":1,"image":{"@type":"ImageObject","@id":"https:\/\/secure.gravatar.com\/avatar\/c61c2d82e330ff9c70cf023b4c62d411e8407bcb38f85df591fa270717754b44?s=96&d=mm&r=g","url":"https:\/\/secure.gravatar.com\/avatar\/c61c2d82e330ff9c70cf023b4c62d411e8407bcb38f85df591fa270717754b44?s=96&d=mm&r=g","height":96,"width":96}},"publisher":{"@type":"Organization","name":"sestina.sk","logo":{"@type":"ImageObject","@id":"\/logo.png","url":"\/logo.png","width":600,"height":60}},"image":{"@type":"ImageObject","@id":"https:\/\/www.sestina.sk\/wp-content\/uploads\/couple-1718244_1280_10_1.jpg","url":"https:\/\/www.sestina.sk\/wp-content\/uploads\/couple-1718244_1280_10_1.jpg","height":0,"width":0},"url":"https:\/\/www.sestina.sk\/manzel-stratil-pracu\/","about":["Lifestyle"],"wordCount":417,"articleBody":"S man\u017eelom sme cca 12 rokov vo vz\u0165ahu, z toho 7 rokov man\u017eelia. Boli sme \u00fa\u017easn\u00fd p\u00e1r a v\u017edy sme sa sna\u017eili pracova\u0165 na komunik\u00e1cii na\u0161ich prian\u00ed a potrieb. Podie\u013eame sa na dom\u00e1cich pr\u00e1cach a sna\u017e\u00edme sa, aby boli rozdelen\u00e9 rovnomerne. Kr\u00e1tko potom, \u010do sme sa vzali, pri\u0161iel o pr\u00e1cu. V tom \u010dase mi to bolo \u00faplne jedno. M\u00e1m pr\u00e1cu na pln\u00fd \u00fav\u00e4zok, zarobila som dos\u0165 pe\u0148az\u00ed na zaplatenie \u00fa\u010dtov. \u010cas plynul a diskutovali sme s n\u00edm o tom, \u017ee je nezamestnan\u00fd. Ni\u010d sa nezmenilo. Ale v\u010dera to bola posledn\u00e1 kvapka. Robil v\u00fdpo\u010dty pre \u00fa\u010dty a bola som konfrontovan\u00e1 so skuto\u010dnos\u0165ou, \u017ee mi zostalo 384 kor\u00fan. Je \u010das Vianoc a ja sotva budem ma\u0165 dos\u0165, aby som n\u00e1m pomohla pokra\u010dova\u0165.Len som si hovorila: Pracovala som a udr\u017eiavala n\u00e1\u0161 dom bez jeho pomoci. Sme tak na mizine, bojujeme na ka\u017edom kroku. \u010co u\u017e spolu sakra rob\u00edme? Vedie ma to k my\u0161lienke, \u010di v takom vz\u0165ahu m\u00e1 cenu zotrv\u00e1va\u0165 alebo nie. On sa absol\u00fatne nesna\u017e\u00ed nejak\u00e9 peniaze zarobi\u0165 a je mu to v\u0161etko jedno. Rozm\u00fd\u0161\u013eam nad t\u00fdm \u010d\u00edm \u010falej t\u00fdm viac a som bezradn\u00e1. Chcela by som sa s n\u00edm o tom samozrejme porozpr\u00e1va\u0165, ale pr\u00edde mi, \u017ee on nem\u00e1 z\u00e1ujem. Nem\u00e1 z\u00e1ujem o ni\u010d. Predt\u00fdm to bolo \u00faplne in\u00e9, v\u0161etko bolo ako v rozpr\u00e1vke, ne\u017e pri\u0161iel o pr\u00e1cu. M\u00e1m strach o bud\u00facnos\u0165. Chcela by som, aby si aspo\u0148 na\u0161iel nejak\u00fa brig\u00e1du, ke\u010f u\u017e nie pr\u00e1cu.Neviem, \u010do si po\u010da\u0165 a \u010do by on robil, keby bol na mojom mieste. St\u00e1le m\u00e1m tendenciu mu d\u00e1va\u0165 \u010fal\u0161ie a \u010fal\u0161ie \u0161ance, ale viem, \u017ee toto asi nikam nevedie. Rozm\u00fd\u0161\u013eam, \u010di spolu m\u00e1me e\u0161te nejak\u00fa bud\u00facnos\u0165. Mo\u017eno je norm\u00e1lne, \u017ee po to\u013ek\u00fdch rokoch vz\u0165ahu m\u00e1me nejak\u00e9 probl\u00e9my, ale ja neviem. To, \u017ee m\u00e1m pr\u00e1cu iba ja, je z\u00e1sadn\u00e1 vec, ktor\u00fa by sme mali rie\u0161i\u0165 spolo\u010dne. Pr\u00edde mi, \u017ee on to ale rie\u0161i\u0165 nechce a v\u0161etko odmieta. Nekomunikuje so mnou nato\u013eko, aby sme dok\u00e1zali tento probl\u00e9m, \u010do ma tr\u00e1pi, vyrie\u0161i\u0165. Naozaj neviem, \u010do m\u00e1m robi\u0165 a ako z toho von.                                                                                                                                                                                                                                                                                                                                                                                                "},{"@context":"https:\/\/schema.org\/","@type":"BreadcrumbList","itemListElement":[{"@type":"ListItem","position":1,"name":"Man\u017eel stratil pr\u00e1cu","item":"https:\/\/www.sestina.sk\/manzel-stratil-pracu\/#breadcrumbitem"}]}]