[{"@context":"https:\/\/schema.org\/","@type":"Article","@id":"https:\/\/www.sestina.sk\/vianoce-sa-blizia-nezabudnite-na-svetielka\/#Article","mainEntityOfPage":"https:\/\/www.sestina.sk\/vianoce-sa-blizia-nezabudnite-na-svetielka\/","headline":"Vianoce sa bl\u00ed\u017eia \u2013 nezabudnite na svetielka!","name":"Vianoce sa bl\u00ed\u017eia \u2013 nezabudnite na svetielka!","description":"Vianoce v\u017edy boli a aj s\u00fa symbolom pokoja a oddychu v kruhu rodiny https:\/\/www.mpsv.cz\/cs\/4 a bl\u00edzkych priate\u013eov. Predt\u00fdm, ako Vianoce za\u010d\u00ednaj\u00fa, si radi dopredu nachyst\u00e1me v\u0161etko, \u010do na\u0161a dom\u00e1cnos\u0165 potrebuje. Okrem chutn\u00e9ho jedla, z\u00e1zvorovej v\u00f4ne pern\u00ed\u010dkov alebo tradi\u010dnej viano\u010dnej hudby v \u017eiadnom domove ur\u010dite nesmie ch\u00fdba\u0165 aj kvalitn\u00e1 v\u00fdzdoba. A &hellip;","datePublished":"2025-11-09","dateModified":"2025-11-09","author":{"@type":"Person","@id":"https:\/\/www.sestina.sk\/author\/#Person","name":"","url":"https:\/\/www.sestina.sk\/author\/","identifier":1,"image":{"@type":"ImageObject","@id":"https:\/\/secure.gravatar.com\/avatar\/c61c2d82e330ff9c70cf023b4c62d411e8407bcb38f85df591fa270717754b44?s=96&d=mm&r=g","url":"https:\/\/secure.gravatar.com\/avatar\/c61c2d82e330ff9c70cf023b4c62d411e8407bcb38f85df591fa270717754b44?s=96&d=mm&r=g","height":96,"width":96}},"publisher":{"@type":"Organization","name":"sestina.sk","logo":{"@type":"ImageObject","@id":"\/logo.png","url":"\/logo.png","width":600,"height":60}},"image":{"@type":"ImageObject","@id":"https:\/\/www.sestina.sk\/wp-content\/uploads\/IMG_2423.jpeg","url":"https:\/\/www.sestina.sk\/wp-content\/uploads\/IMG_2423.jpeg","height":0,"width":0},"url":"https:\/\/www.sestina.sk\/vianoce-sa-blizia-nezabudnite-na-svetielka\/","about":["Tovar"],"wordCount":433,"articleBody":"      Vianoce v\u017edy boli a aj s\u00fa symbolom pokoja a oddychu v kruhu rodiny  https:\/\/www.mpsv.cz\/cs\/4 a bl\u00edzkych priate\u013eov. Predt\u00fdm, ako Vianoce za\u010d\u00ednaj\u00fa, si radi dopredu nachyst\u00e1me v\u0161etko, \u010do na\u0161a dom\u00e1cnos\u0165 potrebuje. Okrem chutn\u00e9ho jedla, z\u00e1zvorovej v\u00f4ne pern\u00ed\u010dkov alebo tradi\u010dnej viano\u010dnej hudby v \u017eiadnom domove ur\u010dite nesmie ch\u00fdba\u0165 aj kvalitn\u00e1 v\u00fdzdoba. A pr\u00e1ve viano\u010dn\u00fd strom\u010dek roz\u017eiari ka\u017ed\u00fa jednu miestnos\u0165 a je centrom pozornosti \u2013 skr\u00fdva v sebe jedine\u010dn\u00e9 k\u00fazlo sviato\u010dnej atmosf\u00e9ry. Ke\u010f\u017ee chceme ma\u0165 svoj strom\u010dek kr\u00e1sny, jeho neoddelite\u013enou s\u00fa\u010das\u0165ou s\u00fa v prvom rade svetielka, ktor\u00e9 sa postaraj\u00fa o dokonal\u00e9 zv\u00fdraznenie jeho ozd\u00f4b.Okrem toho je sveteln\u00e1 re\u0165az Veselevianoce perfektnou vo\u013ebou osvietenia oken\u00edc, balk\u00f3nov, \u010di ter\u00e1s. Svetielka s\u00fa d\u00f4le\u017eit\u00fdm prvkom dekor\u00e1cie, ktor\u00e9 vyvol\u00e1vaj\u00fa pocit radosti a mo\u017eno aj k\u00fasok nostalgie pripom\u00ednaj\u00fac n\u00e1m \u010daro Vianoc z na\u0161ich detsk\u00fdch \u010dias. Sveteln\u00e1 re\u0165az v\u010faka LED technol\u00f3gii okam\u017eite roz\u017eiari v\u00e1\u0161 domov s t\u00fdm, \u017ee sa nemus\u00edte ob\u00e1va\u0165 o \u00fa\u010dty za energie. Ka\u017ed\u00fd predsalen vieme ako je to s viano\u010dn\u00fdm osvetlen\u00edm po\u010das sviatkov \u2013 svietime niekedy aj cel\u00fd de\u0148. Mal\u00e9 LED di\u00f3dky s\u00fa nielen energeticky \u00fasporn\u00e9, ale aj vysoko odoln\u00e9. Nemus\u00edte sa teda b\u00e1\u0165 o ich \u017eivotnos\u0165 a m\u00f4\u017eete ich vyu\u017e\u00edva\u0165 k\u013eudne aj viac ako desa\u0165 rokov, \u010do z nich rob\u00ed perfektn\u00e9ho kandid\u00e1ta pre osvetlenie viano\u010dn\u00fdch strom\u010dekov.Pon\u00faka jasn\u00e9 rovnomern\u00e9 svetlo, ktor\u00e9 zv\u00fdrazn\u00ed nielen strom\u010dek, ale aj cel\u00fa miestnos\u0165. Navy\u0161e s\u00fa sveteln\u00e9 re\u0165aze dostupn\u00e9 aj v mnoh\u00fdch farebn\u00fdch vari\u00e1ci\u00e1ch a re\u017eimoch svietenia, tak\u017ee si ich m\u00f4\u017eete prisp\u00f4sobi\u0165 presne pod\u013ea va\u0161ich predst\u00e1v. Kvalitn\u00e9 spracovanie k\u00e1blov ako aj n\u00edzke nap\u00e4tie zabezpe\u010dia, \u017ee tieto svetielka m\u00f4\u017eete vyu\u017e\u00edva\u0165 bez ob\u00e1v aj v dom\u00e1cnostiach s mal\u00fdmi de\u0165mi. Vytvorte si aj vy \u010darokr\u00e1sne Vianoce a ozdobte si svoj viano\u010dn\u00fd strom\u010dek so svetielkami, ktor\u00e9 v\u00e1s nesklam\u00fa. Bud\u00fa v\u00e1m robi\u0165 rados\u0165 dlh\u00fa dobu, preto\u017ee s\u00fa vyroben\u00e9 z kvalitn\u00fdch materi\u00e1lov, aby dok\u00e1zali odola\u0165 nielen ka\u017edoro\u010dn\u00e9mu pou\u017e\u00edvaniu, ale aj neposedn\u00fdm detsk\u00fdm ru\u010di\u010dk\u00e1m. Svetielka v\u00e1m zaru\u010dene prines\u00fa presne ten typ radosti, ktor\u00fd k Vianociam neodmyslite\u013ene patr\u00ed!                                                                                                                                                                                                                                                                                                                                                                                                  "},{"@context":"https:\/\/schema.org\/","@type":"BreadcrumbList","itemListElement":[{"@type":"ListItem","position":1,"name":"Vianoce sa bl\u00ed\u017eia \u2013 nezabudnite na svetielka!","item":"https:\/\/www.sestina.sk\/vianoce-sa-blizia-nezabudnite-na-svetielka\/#breadcrumbitem"}]}]