[{"@context":"https:\/\/schema.org\/","@type":"Article","@id":"https:\/\/www.sestina.sk\/viete-na-com-spite\/#Article","mainEntityOfPage":"https:\/\/www.sestina.sk\/viete-na-com-spite\/","headline":"Viete na \u010dom sp\u00edte?","name":"Viete na \u010dom sp\u00edte?","description":"Zamysleli ste sa niekedy nad t\u00fdm, na \u010dom vlastne ka\u017ed\u00fa noc sp\u00edte? Ak v\u00e1s bolia kr\u00ed\u017ee alebo chrb\u00e1t sk\u00fa\u0161ali ste h\u013eada\u0165 d\u00f4vod v nespr\u00e1vnom matraci? Viete v\u00f4bec ak\u00fd matrac m\u00e1te? Pri v\u0161ednostiach ka\u017edodenn\u00e9ho \u017eivota v\u00e4\u010d\u0161ina z n\u00e1s nem\u00e1 ve\u010der po pr\u00edchode domov energiu alebo \u010das rozm\u00fd\u0161\u013ea\u0165 nad t\u00fdm, na \u010dom &hellip;","datePublished":"2021-09-18","dateModified":"2023-04-28","author":{"@type":"Person","@id":"https:\/\/www.sestina.sk\/author\/#Person","name":"","url":"https:\/\/www.sestina.sk\/author\/","identifier":1,"image":{"@type":"ImageObject","@id":"https:\/\/secure.gravatar.com\/avatar\/c61c2d82e330ff9c70cf023b4c62d411e8407bcb38f85df591fa270717754b44?s=96&d=mm&r=g","url":"https:\/\/secure.gravatar.com\/avatar\/c61c2d82e330ff9c70cf023b4c62d411e8407bcb38f85df591fa270717754b44?s=96&d=mm&r=g","height":96,"width":96}},"publisher":{"@type":"Organization","name":"sestina.sk","logo":{"@type":"ImageObject","@id":"\/logo.png","url":"\/logo.png","width":600,"height":60}},"image":{"@type":"ImageObject","@id":"https:\/\/www.sestina.sk\/wp-content\/uploads\/vysk%C3%BA%C5%A1ajte%20si%20matrac%20v%20predajni.jpg","url":"https:\/\/www.sestina.sk\/wp-content\/uploads\/vysk%C3%BA%C5%A1ajte%20si%20matrac%20v%20predajni.jpg","height":0,"width":0},"url":"https:\/\/www.sestina.sk\/viete-na-com-spite\/","about":["Zdravie"],"wordCount":439,"articleBody":"        Zamysleli ste sa niekedy nad t\u00fdm, na \u010dom vlastne ka\u017ed\u00fa noc sp\u00edte? Ak v\u00e1s bolia kr\u00ed\u017ee alebo chrb\u00e1t sk\u00fa\u0161ali ste h\u013eada\u0165 d\u00f4vod v nespr\u00e1vnom matraci? Viete v\u00f4bec ak\u00fd matrac m\u00e1te? Pri v\u0161ednostiach ka\u017edodenn\u00e9ho \u017eivota v\u00e4\u010d\u0161ina z n\u00e1s nem\u00e1 ve\u010der po pr\u00edchode domov energiu alebo \u010das rozm\u00fd\u0161\u013ea\u0165 nad t\u00fdm, na \u010dom sp\u00edme. V\u00e4\u010d\u0161ine \u013eud\u00ed v\u00fdmena matraca nez\u00edde na um a\u017e do chv\u00edle, kedy sa nevhodnos\u0165 ich matraca za\u010dne odzrkad\u013eova\u0165 na kvalite ich sp\u00e1nku, \u010di r\u00f4znych probl\u00e9moch s chrbtom. Najlep\u0161\u00edm rie\u0161en\u00edm je necha\u0165 si vyrobi\u0165 matrac na mieru, ktor\u00fd bude po ka\u017edej str\u00e1nke sp\u013a\u0148a\u0165 krit\u00e9ri\u00e1 pre v\u00e1\u0161 spokojn\u00fd sp\u00e1nok. Najlacnej\u0161ie matrace na mieru na na\u0161om trhu pon\u00faka firma SEGUM, ktor\u00e1 sa venuje v\u00fdrobe zdravotn\u00fdch matracov na mieru. Tieto matrace si m\u00f4\u017eete pr\u00eds\u0165 aj osobne vysk\u00fa\u0161a\u0165 v predajniach a necha\u0165 si poradi\u0165 od odborn\u00edkov, ktor\u00ed v\u00e1m na z\u00e1klade r\u00f4znych krit\u00e9ri\u00ed pom\u00f4\u017eu vybra\u0165 si najlep\u0161\u00ed matrac pre v\u00e1\u0161 spokojn\u00fd sp\u00e1nok. V prvom rade si teda vyber\u00e1te z dvoch druhov matracov, a to pru\u017einov\u00fdch alebo sendvi\u010dov\u00fdch. Nepru\u017einov\u00e9 matrace je najlep\u0161ie skombinova\u0165 s lamelov\u00fdm ro\u0161tom, \u010d\u00edm sa dosiahne dostato\u010dn\u00e1 pru\u017enos\u0165 pre spr\u00e1vnu polohu tela pri sp\u00e1nku a pod pru\u017einov\u00e9 matrace sa d\u00e1 pou\u017ei\u0165 ako klasick\u00fd dreven\u00fd ro\u0161t, tak aj lamelov\u00fd. Tieto inform\u00e1cie v\u0161ak nemus\u00edte ma\u0165 podrobne na\u0161tudovan\u00e9, preto\u017ee sk\u00fasen\u00ed odborn\u00edci v predajniach v\u00e1m pri v\u00fdbere na z\u00e1klade va\u0161ich preferencii poradia. Pravdepodobne najd\u00f4le\u017eitej\u0161\u00edm faktorom pri v\u00fdbere matraca je jeho tvrdos\u0165, ktor\u00e1 by mala zabezpe\u010di\u0165 to, aby sa matrac dokonale prisp\u00f4sobil tvaru v\u00e1\u0161ho tela. V ponuke n\u00e1jdete matrace v piatich stup\u0148och tvrdosti a dokonca aj tak\u00e9, ktor\u00e9 maj\u00fa na ka\u017edej strane in\u00fa tvrdos\u0165. \u010co sa t\u00e1ka rozmerov matraca, ten v\u00e1\u0161 by mal by\u0165 aspo\u0148 o 20 centimetrov dlh\u0161\u00ed, ako je va\u0161a v\u00fd\u0161ka a rovnako po\u010d\u00edtajte s rezervou aj pri nosnosti matraca. Nakoniec nezab\u00fadajte aj na spr\u00e1vny po\u0165ah, ke\u010f\u017ee s n\u00edm prich\u00e1dzate priamo do kontaktu. V ponuke n\u00e1jdete aj po\u0165ahy vhodn\u00e9 pre alergikov, ktor\u00e9 maj\u00fa antibakteri\u00e1lny \u00fa\u010dinok pre zaistenie ka\u017ed\u00e9ho maxim\u00e1lnej spokojnosti. Na matrace SEGUM sa vz\u0165ahuje z\u00e1ruka a\u017e do 10 rokov a je v\u00e1m tie\u017e zaru\u010den\u00fd bezprostredn\u00fd servis.                                                                                                                                                                                                                                                                                                                                                                                                   "},{"@context":"https:\/\/schema.org\/","@type":"BreadcrumbList","itemListElement":[{"@type":"ListItem","position":1,"name":"Viete na \u010dom sp\u00edte?","item":"https:\/\/www.sestina.sk\/viete-na-com-spite\/#breadcrumbitem"}]}]